{"id":3103,"date":"2023-08-28T13:51:08","date_gmt":"2023-08-28T10:51:08","guid":{"rendered":"https:\/\/www.veekmas.fi\/?p=3103"},"modified":"2025-04-24T11:54:27","modified_gmt":"2025-04-24T08:54:27","slug":"entreprenad-live-in-gothenburg-7-9-september-2023-sign-up-and-you-will-receive-an-invitation-by-email","status":"publish","type":"post","link":"https:\/\/www.veekmas.fi\/en\/entreprenad-live-in-gothenburg-7-9-september-2023-sign-up-and-you-will-receive-an-invitation-by-email\/","title":{"rendered":"Entreprenad Live in Gothenburg 7\u20139 September 2023, sign up and you will receive an invitation by email!"},"content":{"rendered":"<p>It&#8217;s time again to gather for the annual big event, this time in Gothenburg. Of course, <strong>Veekmas Svenska AB<\/strong> will also be present with own tent stand <strong>227A<\/strong>. Entreprenad Live is regional trade fairs for construction, land and green space as well as the construction and civil engineering industry. The fairs are complete with large variety of products, services and solutions at Sweden\u2019s best event arenas.<\/p>\n<p>Sign up by sending your email address to <strong>paivi.lahti@veekmas.fi<\/strong> this week, and you will receive the invitation in your email no later than Wednesday 6 September.<\/p>\n<p>Welcome!<\/p>\n<p>Click youself to our stand <a href=\"https:\/\/entreprenadlivegbg23.expofp.com?veekmas-svenska-ab\">here<\/a>.<\/p>\n<p>More information <a href=\"https:\/\/entreprenadlive.se\/english\/\">here<\/a>.<\/p>\n<p><img loading=\"lazy\" decoding=\"async\" class=\"alignnone size-medium wp-image-3088\" src=\"https:\/\/www.veekmas.fi\/wpc\/uploads\/2023\/08\/entreprenadlive_logga_gbg_2023_gul_svart-2-300x63.jpg\" alt=\"\" width=\"300\" height=\"63\" srcset=\"https:\/\/www.veekmas.fi\/wpc\/uploads\/2023\/08\/entreprenadlive_logga_gbg_2023_gul_svart-2-300x63.jpg 300w, https:\/\/www.veekmas.fi\/wpc\/uploads\/2023\/08\/entreprenadlive_logga_gbg_2023_gul_svart-2-1024x215.jpg 1024w, https:\/\/www.veekmas.fi\/wpc\/uploads\/2023\/08\/entreprenadlive_logga_gbg_2023_gul_svart-2-768x161.jpg 768w, https:\/\/www.veekmas.fi\/wpc\/uploads\/2023\/08\/entreprenadlive_logga_gbg_2023_gul_svart-2-653x137.jpg 653w, https:\/\/www.veekmas.fi\/wpc\/uploads\/2023\/08\/entreprenadlive_logga_gbg_2023_gul_svart-2.jpg 1181w\" sizes=\"auto, (max-width: 300px) 100vw, 300px\" \/><\/p>\n","protected":false},"excerpt":{"rendered":"<p>It&#8217;s time again to gather for the annual big event, this time in Gothenburg. Of course, Veekmas Svenska AB will also be present with own&#8230;<\/p>\n","protected":false},"author":1,"featured_media":0,"comment_status":"closed","ping_status":"closed","sticky":false,"template":"","format":"standard","meta":{"footnotes":""},"categories":[25],"tags":[],"class_list":["post-3103","post","type-post","status-publish","format-standard","hentry","category-news"],"yoast_head":"<!-- This site is optimized with the Yoast SEO plugin v27.4 - https:\/\/yoast.com\/product\/yoast-seo-wordpress\/ -->\n<title>Entreprenad Live in Gothenburg 7\u20139 September 2023, sign up and you will receive an invitation by email! - Veekmas<\/title>\n<meta name=\"robots\" content=\"index, follow, max-snippet:-1, max-image-preview:large, max-video-preview:-1\" \/>\n<link rel=\"canonical\" href=\"https:\/\/www.veekmas.fi\/en\/entreprenad-live-in-gothenburg-7-9-september-2023-sign-up-and-you-will-receive-an-invitation-by-email\/\" \/>\n<meta property=\"og:locale\" content=\"en_US\" \/>\n<meta property=\"og:type\" content=\"article\" \/>\n<meta property=\"og:title\" content=\"Entreprenad Live in Gothenburg 7\u20139 September 2023, sign up and you will receive an invitation by email! - Veekmas\" \/>\n<meta property=\"og:description\" content=\"It&#8217;s time again to gather for the annual big event, this time in Gothenburg. Of course, Veekmas Svenska AB will also be present with own...\" \/>\n<meta property=\"og:url\" content=\"https:\/\/www.veekmas.fi\/en\/entreprenad-live-in-gothenburg-7-9-september-2023-sign-up-and-you-will-receive-an-invitation-by-email\/\" \/>\n<meta property=\"og:site_name\" content=\"Veekmas\" \/>\n<meta property=\"article:publisher\" content=\"https:\/\/www.facebook.com\/Veekmas-106071847887476\" \/>\n<meta property=\"article:published_time\" content=\"2023-08-28T10:51:08+00:00\" \/>\n<meta property=\"article:modified_time\" content=\"2025-04-24T08:54:27+00:00\" \/>\n<meta property=\"og:image\" content=\"https:\/\/www.veekmas.fi\/wpc\/uploads\/2023\/08\/entreprenadlive_logga_gbg_2023_gul_svart-2.jpg\" \/>\n\t<meta property=\"og:image:width\" content=\"1181\" \/>\n\t<meta property=\"og:image:height\" content=\"248\" \/>\n\t<meta property=\"og:image:type\" content=\"image\/jpeg\" \/>\n<meta name=\"author\" content=\"su\" \/>\n<meta name=\"twitter:card\" content=\"summary_large_image\" \/>\n<meta name=\"twitter:label1\" content=\"Written by\" \/>\n\t<meta name=\"twitter:data1\" content=\"su\" \/>\n\t<meta name=\"twitter:label2\" content=\"Est. reading time\" \/>\n\t<meta name=\"twitter:data2\" content=\"1 minute\" \/>\n<script type=\"application\/ld+json\" class=\"yoast-schema-graph\">{\"@context\":\"https:\\\/\\\/schema.org\",\"@graph\":[{\"@type\":\"Article\",\"@id\":\"https:\\\/\\\/www.veekmas.fi\\\/en\\\/entreprenad-live-in-gothenburg-7-9-september-2023-sign-up-and-you-will-receive-an-invitation-by-email\\\/#article\",\"isPartOf\":{\"@id\":\"https:\\\/\\\/www.veekmas.fi\\\/en\\\/entreprenad-live-in-gothenburg-7-9-september-2023-sign-up-and-you-will-receive-an-invitation-by-email\\\/\"},\"author\":{\"name\":\"su\",\"@id\":\"https:\\\/\\\/www.veekmas.fi\\\/en\\\/#\\\/schema\\\/person\\\/99cc1074278bea7d2073d22e4e508f34\"},\"headline\":\"Entreprenad Live in Gothenburg 7\u20139 September 2023, sign up and you will receive an invitation by email!\",\"datePublished\":\"2023-08-28T10:51:08+00:00\",\"dateModified\":\"2025-04-24T08:54:27+00:00\",\"mainEntityOfPage\":{\"@id\":\"https:\\\/\\\/www.veekmas.fi\\\/en\\\/entreprenad-live-in-gothenburg-7-9-september-2023-sign-up-and-you-will-receive-an-invitation-by-email\\\/\"},\"wordCount\":121,\"publisher\":{\"@id\":\"https:\\\/\\\/www.veekmas.fi\\\/en\\\/#organization\"},\"image\":{\"@id\":\"https:\\\/\\\/www.veekmas.fi\\\/en\\\/entreprenad-live-in-gothenburg-7-9-september-2023-sign-up-and-you-will-receive-an-invitation-by-email\\\/#primaryimage\"},\"thumbnailUrl\":\"https:\\\/\\\/www.veekmas.fi\\\/wpc\\\/uploads\\\/2023\\\/08\\\/entreprenadlive_logga_gbg_2023_gul_svart-2-300x63.jpg\",\"articleSection\":[\"News\"],\"inLanguage\":\"en-US\"},{\"@type\":\"WebPage\",\"@id\":\"https:\\\/\\\/www.veekmas.fi\\\/en\\\/entreprenad-live-in-gothenburg-7-9-september-2023-sign-up-and-you-will-receive-an-invitation-by-email\\\/\",\"url\":\"https:\\\/\\\/www.veekmas.fi\\\/en\\\/entreprenad-live-in-gothenburg-7-9-september-2023-sign-up-and-you-will-receive-an-invitation-by-email\\\/\",\"name\":\"Entreprenad Live in Gothenburg 7\u20139 September 2023, sign up and you will receive an invitation by email! - Veekmas\",\"isPartOf\":{\"@id\":\"https:\\\/\\\/www.veekmas.fi\\\/en\\\/#website\"},\"primaryImageOfPage\":{\"@id\":\"https:\\\/\\\/www.veekmas.fi\\\/en\\\/entreprenad-live-in-gothenburg-7-9-september-2023-sign-up-and-you-will-receive-an-invitation-by-email\\\/#primaryimage\"},\"image\":{\"@id\":\"https:\\\/\\\/www.veekmas.fi\\\/en\\\/entreprenad-live-in-gothenburg-7-9-september-2023-sign-up-and-you-will-receive-an-invitation-by-email\\\/#primaryimage\"},\"thumbnailUrl\":\"https:\\\/\\\/www.veekmas.fi\\\/wpc\\\/uploads\\\/2023\\\/08\\\/entreprenadlive_logga_gbg_2023_gul_svart-2-300x63.jpg\",\"datePublished\":\"2023-08-28T10:51:08+00:00\",\"dateModified\":\"2025-04-24T08:54:27+00:00\",\"breadcrumb\":{\"@id\":\"https:\\\/\\\/www.veekmas.fi\\\/en\\\/entreprenad-live-in-gothenburg-7-9-september-2023-sign-up-and-you-will-receive-an-invitation-by-email\\\/#breadcrumb\"},\"inLanguage\":\"en-US\",\"potentialAction\":[{\"@type\":\"ReadAction\",\"target\":[\"https:\\\/\\\/www.veekmas.fi\\\/en\\\/entreprenad-live-in-gothenburg-7-9-september-2023-sign-up-and-you-will-receive-an-invitation-by-email\\\/\"]}]},{\"@type\":\"ImageObject\",\"inLanguage\":\"en-US\",\"@id\":\"https:\\\/\\\/www.veekmas.fi\\\/en\\\/entreprenad-live-in-gothenburg-7-9-september-2023-sign-up-and-you-will-receive-an-invitation-by-email\\\/#primaryimage\",\"url\":\"https:\\\/\\\/www.veekmas.fi\\\/wpc\\\/uploads\\\/2023\\\/08\\\/entreprenadlive_logga_gbg_2023_gul_svart-2-300x63.jpg\",\"contentUrl\":\"https:\\\/\\\/www.veekmas.fi\\\/wpc\\\/uploads\\\/2023\\\/08\\\/entreprenadlive_logga_gbg_2023_gul_svart-2-300x63.jpg\"},{\"@type\":\"BreadcrumbList\",\"@id\":\"https:\\\/\\\/www.veekmas.fi\\\/en\\\/entreprenad-live-in-gothenburg-7-9-september-2023-sign-up-and-you-will-receive-an-invitation-by-email\\\/#breadcrumb\",\"itemListElement\":[{\"@type\":\"ListItem\",\"position\":1,\"name\":\"Etusivu\",\"item\":\"https:\\\/\\\/www.veekmas.fi\\\/en\\\/\"},{\"@type\":\"ListItem\",\"position\":2,\"name\":\"Entreprenad Live in Gothenburg 7\u20139 September 2023, sign up and you will receive an invitation by email!\"}]},{\"@type\":\"WebSite\",\"@id\":\"https:\\\/\\\/www.veekmas.fi\\\/en\\\/#website\",\"url\":\"https:\\\/\\\/www.veekmas.fi\\\/en\\\/\",\"name\":\"Veekmas\",\"description\":\"Pohjoismaiden ainoa tieh\u00f6ylien valmistaja ja tieh\u00f6yl\u00e4teknologian edell\u00e4k\u00e4vij\u00e4\",\"publisher\":{\"@id\":\"https:\\\/\\\/www.veekmas.fi\\\/en\\\/#organization\"},\"potentialAction\":[{\"@type\":\"SearchAction\",\"target\":{\"@type\":\"EntryPoint\",\"urlTemplate\":\"https:\\\/\\\/www.veekmas.fi\\\/en\\\/?s={search_term_string}\"},\"query-input\":{\"@type\":\"PropertyValueSpecification\",\"valueRequired\":true,\"valueName\":\"search_term_string\"}}],\"inLanguage\":\"en-US\"},{\"@type\":\"Organization\",\"@id\":\"https:\\\/\\\/www.veekmas.fi\\\/en\\\/#organization\",\"name\":\"Veekmas\",\"url\":\"https:\\\/\\\/www.veekmas.fi\\\/en\\\/\",\"logo\":{\"@type\":\"ImageObject\",\"inLanguage\":\"en-US\",\"@id\":\"https:\\\/\\\/www.veekmas.fi\\\/en\\\/#\\\/schema\\\/logo\\\/image\\\/\",\"url\":\"https:\\\/\\\/www.veekmas.fi\\\/wpc\\\/uploads\\\/2026\\\/03\\\/Veekmas-some-profiilikuva-800x800px-2025-07.png\",\"contentUrl\":\"https:\\\/\\\/www.veekmas.fi\\\/wpc\\\/uploads\\\/2026\\\/03\\\/Veekmas-some-profiilikuva-800x800px-2025-07.png\",\"width\":512,\"height\":512,\"caption\":\"Veekmas\"},\"image\":{\"@id\":\"https:\\\/\\\/www.veekmas.fi\\\/en\\\/#\\\/schema\\\/logo\\\/image\\\/\"},\"sameAs\":[\"https:\\\/\\\/www.facebook.com\\\/Veekmas-106071847887476\",\"https:\\\/\\\/www.youtube.com\\\/user\\\/VeekmasOy\"]},{\"@type\":\"Person\",\"@id\":\"https:\\\/\\\/www.veekmas.fi\\\/en\\\/#\\\/schema\\\/person\\\/99cc1074278bea7d2073d22e4e508f34\",\"name\":\"su\",\"image\":{\"@type\":\"ImageObject\",\"inLanguage\":\"en-US\",\"@id\":\"https:\\\/\\\/secure.gravatar.com\\\/avatar\\\/9ea0ea9562f9c3656a6c78a58dcaa80a810673d21d9c28a03e848e53b2f4bc9e?s=96&d=mm&r=g\",\"url\":\"https:\\\/\\\/secure.gravatar.com\\\/avatar\\\/9ea0ea9562f9c3656a6c78a58dcaa80a810673d21d9c28a03e848e53b2f4bc9e?s=96&d=mm&r=g\",\"contentUrl\":\"https:\\\/\\\/secure.gravatar.com\\\/avatar\\\/9ea0ea9562f9c3656a6c78a58dcaa80a810673d21d9c28a03e848e53b2f4bc9e?s=96&d=mm&r=g\",\"caption\":\"su\"},\"sameAs\":[\"https:\\\/\\\/www.veekmas.fi\"]}]}<\/script>\n<!-- \/ Yoast SEO plugin. -->","yoast_head_json":{"title":"Entreprenad Live in Gothenburg 7\u20139 September 2023, sign up and you will receive an invitation by email! - Veekmas","robots":{"index":"index","follow":"follow","max-snippet":"max-snippet:-1","max-image-preview":"max-image-preview:large","max-video-preview":"max-video-preview:-1"},"canonical":"https:\/\/www.veekmas.fi\/en\/entreprenad-live-in-gothenburg-7-9-september-2023-sign-up-and-you-will-receive-an-invitation-by-email\/","og_locale":"en_US","og_type":"article","og_title":"Entreprenad Live in Gothenburg 7\u20139 September 2023, sign up and you will receive an invitation by email! - Veekmas","og_description":"It&#8217;s time again to gather for the annual big event, this time in Gothenburg. Of course, Veekmas Svenska AB will also be present with own...","og_url":"https:\/\/www.veekmas.fi\/en\/entreprenad-live-in-gothenburg-7-9-september-2023-sign-up-and-you-will-receive-an-invitation-by-email\/","og_site_name":"Veekmas","article_publisher":"https:\/\/www.facebook.com\/Veekmas-106071847887476","article_published_time":"2023-08-28T10:51:08+00:00","article_modified_time":"2025-04-24T08:54:27+00:00","og_image":[{"width":1181,"height":248,"url":"https:\/\/www.veekmas.fi\/wpc\/uploads\/2023\/08\/entreprenadlive_logga_gbg_2023_gul_svart-2.jpg","type":"image\/jpeg"}],"author":"su","twitter_card":"summary_large_image","twitter_misc":{"Written by":"su","Est. reading time":"1 minute"},"schema":{"@context":"https:\/\/schema.org","@graph":[{"@type":"Article","@id":"https:\/\/www.veekmas.fi\/en\/entreprenad-live-in-gothenburg-7-9-september-2023-sign-up-and-you-will-receive-an-invitation-by-email\/#article","isPartOf":{"@id":"https:\/\/www.veekmas.fi\/en\/entreprenad-live-in-gothenburg-7-9-september-2023-sign-up-and-you-will-receive-an-invitation-by-email\/"},"author":{"name":"su","@id":"https:\/\/www.veekmas.fi\/en\/#\/schema\/person\/99cc1074278bea7d2073d22e4e508f34"},"headline":"Entreprenad Live in Gothenburg 7\u20139 September 2023, sign up and you will receive an invitation by email!","datePublished":"2023-08-28T10:51:08+00:00","dateModified":"2025-04-24T08:54:27+00:00","mainEntityOfPage":{"@id":"https:\/\/www.veekmas.fi\/en\/entreprenad-live-in-gothenburg-7-9-september-2023-sign-up-and-you-will-receive-an-invitation-by-email\/"},"wordCount":121,"publisher":{"@id":"https:\/\/www.veekmas.fi\/en\/#organization"},"image":{"@id":"https:\/\/www.veekmas.fi\/en\/entreprenad-live-in-gothenburg-7-9-september-2023-sign-up-and-you-will-receive-an-invitation-by-email\/#primaryimage"},"thumbnailUrl":"https:\/\/www.veekmas.fi\/wpc\/uploads\/2023\/08\/entreprenadlive_logga_gbg_2023_gul_svart-2-300x63.jpg","articleSection":["News"],"inLanguage":"en-US"},{"@type":"WebPage","@id":"https:\/\/www.veekmas.fi\/en\/entreprenad-live-in-gothenburg-7-9-september-2023-sign-up-and-you-will-receive-an-invitation-by-email\/","url":"https:\/\/www.veekmas.fi\/en\/entreprenad-live-in-gothenburg-7-9-september-2023-sign-up-and-you-will-receive-an-invitation-by-email\/","name":"Entreprenad Live in Gothenburg 7\u20139 September 2023, sign up and you will receive an invitation by email! - Veekmas","isPartOf":{"@id":"https:\/\/www.veekmas.fi\/en\/#website"},"primaryImageOfPage":{"@id":"https:\/\/www.veekmas.fi\/en\/entreprenad-live-in-gothenburg-7-9-september-2023-sign-up-and-you-will-receive-an-invitation-by-email\/#primaryimage"},"image":{"@id":"https:\/\/www.veekmas.fi\/en\/entreprenad-live-in-gothenburg-7-9-september-2023-sign-up-and-you-will-receive-an-invitation-by-email\/#primaryimage"},"thumbnailUrl":"https:\/\/www.veekmas.fi\/wpc\/uploads\/2023\/08\/entreprenadlive_logga_gbg_2023_gul_svart-2-300x63.jpg","datePublished":"2023-08-28T10:51:08+00:00","dateModified":"2025-04-24T08:54:27+00:00","breadcrumb":{"@id":"https:\/\/www.veekmas.fi\/en\/entreprenad-live-in-gothenburg-7-9-september-2023-sign-up-and-you-will-receive-an-invitation-by-email\/#breadcrumb"},"inLanguage":"en-US","potentialAction":[{"@type":"ReadAction","target":["https:\/\/www.veekmas.fi\/en\/entreprenad-live-in-gothenburg-7-9-september-2023-sign-up-and-you-will-receive-an-invitation-by-email\/"]}]},{"@type":"ImageObject","inLanguage":"en-US","@id":"https:\/\/www.veekmas.fi\/en\/entreprenad-live-in-gothenburg-7-9-september-2023-sign-up-and-you-will-receive-an-invitation-by-email\/#primaryimage","url":"https:\/\/www.veekmas.fi\/wpc\/uploads\/2023\/08\/entreprenadlive_logga_gbg_2023_gul_svart-2-300x63.jpg","contentUrl":"https:\/\/www.veekmas.fi\/wpc\/uploads\/2023\/08\/entreprenadlive_logga_gbg_2023_gul_svart-2-300x63.jpg"},{"@type":"BreadcrumbList","@id":"https:\/\/www.veekmas.fi\/en\/entreprenad-live-in-gothenburg-7-9-september-2023-sign-up-and-you-will-receive-an-invitation-by-email\/#breadcrumb","itemListElement":[{"@type":"ListItem","position":1,"name":"Etusivu","item":"https:\/\/www.veekmas.fi\/en\/"},{"@type":"ListItem","position":2,"name":"Entreprenad Live in Gothenburg 7\u20139 September 2023, sign up and you will receive an invitation by email!"}]},{"@type":"WebSite","@id":"https:\/\/www.veekmas.fi\/en\/#website","url":"https:\/\/www.veekmas.fi\/en\/","name":"Veekmas","description":"Pohjoismaiden ainoa tieh\u00f6ylien valmistaja ja tieh\u00f6yl\u00e4teknologian edell\u00e4k\u00e4vij\u00e4","publisher":{"@id":"https:\/\/www.veekmas.fi\/en\/#organization"},"potentialAction":[{"@type":"SearchAction","target":{"@type":"EntryPoint","urlTemplate":"https:\/\/www.veekmas.fi\/en\/?s={search_term_string}"},"query-input":{"@type":"PropertyValueSpecification","valueRequired":true,"valueName":"search_term_string"}}],"inLanguage":"en-US"},{"@type":"Organization","@id":"https:\/\/www.veekmas.fi\/en\/#organization","name":"Veekmas","url":"https:\/\/www.veekmas.fi\/en\/","logo":{"@type":"ImageObject","inLanguage":"en-US","@id":"https:\/\/www.veekmas.fi\/en\/#\/schema\/logo\/image\/","url":"https:\/\/www.veekmas.fi\/wpc\/uploads\/2026\/03\/Veekmas-some-profiilikuva-800x800px-2025-07.png","contentUrl":"https:\/\/www.veekmas.fi\/wpc\/uploads\/2026\/03\/Veekmas-some-profiilikuva-800x800px-2025-07.png","width":512,"height":512,"caption":"Veekmas"},"image":{"@id":"https:\/\/www.veekmas.fi\/en\/#\/schema\/logo\/image\/"},"sameAs":["https:\/\/www.facebook.com\/Veekmas-106071847887476","https:\/\/www.youtube.com\/user\/VeekmasOy"]},{"@type":"Person","@id":"https:\/\/www.veekmas.fi\/en\/#\/schema\/person\/99cc1074278bea7d2073d22e4e508f34","name":"su","image":{"@type":"ImageObject","inLanguage":"en-US","@id":"https:\/\/secure.gravatar.com\/avatar\/9ea0ea9562f9c3656a6c78a58dcaa80a810673d21d9c28a03e848e53b2f4bc9e?s=96&d=mm&r=g","url":"https:\/\/secure.gravatar.com\/avatar\/9ea0ea9562f9c3656a6c78a58dcaa80a810673d21d9c28a03e848e53b2f4bc9e?s=96&d=mm&r=g","contentUrl":"https:\/\/secure.gravatar.com\/avatar\/9ea0ea9562f9c3656a6c78a58dcaa80a810673d21d9c28a03e848e53b2f4bc9e?s=96&d=mm&r=g","caption":"su"},"sameAs":["https:\/\/www.veekmas.fi"]}]}},"_links":{"self":[{"href":"https:\/\/www.veekmas.fi\/en\/wp-json\/wp\/v2\/posts\/3103","targetHints":{"allow":["GET"]}}],"collection":[{"href":"https:\/\/www.veekmas.fi\/en\/wp-json\/wp\/v2\/posts"}],"about":[{"href":"https:\/\/www.veekmas.fi\/en\/wp-json\/wp\/v2\/types\/post"}],"author":[{"embeddable":true,"href":"https:\/\/www.veekmas.fi\/en\/wp-json\/wp\/v2\/users\/1"}],"replies":[{"embeddable":true,"href":"https:\/\/www.veekmas.fi\/en\/wp-json\/wp\/v2\/comments?post=3103"}],"version-history":[{"count":0,"href":"https:\/\/www.veekmas.fi\/en\/wp-json\/wp\/v2\/posts\/3103\/revisions"}],"wp:attachment":[{"href":"https:\/\/www.veekmas.fi\/en\/wp-json\/wp\/v2\/media?parent=3103"}],"wp:term":[{"taxonomy":"category","embeddable":true,"href":"https:\/\/www.veekmas.fi\/en\/wp-json\/wp\/v2\/categories?post=3103"},{"taxonomy":"post_tag","embeddable":true,"href":"https:\/\/www.veekmas.fi\/en\/wp-json\/wp\/v2\/tags?post=3103"}],"curies":[{"name":"wp","href":"https:\/\/api.w.org\/{rel}","templated":true}]}}