{"id":2957,"date":"2023-04-14T07:54:37","date_gmt":"2023-04-14T04:54:37","guid":{"rendered":"https:\/\/www.veekmas.fi\/?p=2957"},"modified":"2025-04-24T11:58:13","modified_gmt":"2025-04-24T08:58:13","slug":"spring-is-coming-and-infratech-2023","status":"publish","type":"post","link":"https:\/\/www.veekmas.fi\/en\/spring-is-coming-and-infratech-2023\/","title":{"rendered":"Spring is coming, and Infratech 2023!"},"content":{"rendered":"<p>In Jyv\u00e4skyl\u00e4 Paviljonki, a major exhibition for the infrastructure\u00a0sector with related events will be held again on May 10-11. Come along!<\/p>\n<p>Veekmas Oy can be found in its own stand B 278 and is participating in both the exhibition and the novelty product competition. We are bringing along our pride and joy, the Veekmas FG 2428 motor grader, so there is an opportunity to get to know the latest innovations on site. If you want your own exhibition invitation from us in your e-mail, send a message with the title \u201dYT23\u201d to the address paivi.lahti@veekmas.fi by the end of April, and we will send the invitations latest on 2nd of May.<\/p>\n<p>See you in Jyv\u00e4skyl\u00e4!<br \/>\nMore information\u00a0<a href=\"https:\/\/yhdyskuntatekniikka.fi\/en\">here.<\/a><\/p>\n<p><img loading=\"lazy\" decoding=\"async\" class=\"alignnone size-medium wp-image-2943\" src=\"https:\/\/www.veekmas.fi\/wpc\/uploads\/2023\/04\/YT23-1080x1080-oma-osasto-1-1-300x300.jpg\" alt=\"\" width=\"300\" height=\"300\" \/><\/p>\n","protected":false},"excerpt":{"rendered":"<p>In Jyv\u00e4skyl\u00e4 Paviljonki, a major exhibition for the infrastructure\u00a0sector with related events will be held again on May 10-11. Come along! Veekmas Oy can be&#8230;<\/p>\n","protected":false},"author":1,"featured_media":0,"comment_status":"closed","ping_status":"closed","sticky":false,"template":"","format":"standard","meta":{"footnotes":""},"categories":[25],"tags":[],"class_list":["post-2957","post","type-post","status-publish","format-standard","hentry","category-news"],"yoast_head":"<!-- This site is optimized with the Yoast SEO plugin v27.4 - https:\/\/yoast.com\/product\/yoast-seo-wordpress\/ -->\n<title>Spring is coming, and Infratech 2023! - Veekmas<\/title>\n<meta name=\"robots\" content=\"index, follow, max-snippet:-1, max-image-preview:large, max-video-preview:-1\" \/>\n<link rel=\"canonical\" href=\"https:\/\/www.veekmas.fi\/en\/spring-is-coming-and-infratech-2023\/\" \/>\n<meta property=\"og:locale\" content=\"en_US\" \/>\n<meta property=\"og:type\" content=\"article\" \/>\n<meta property=\"og:title\" content=\"Spring is coming, and Infratech 2023! - Veekmas\" \/>\n<meta property=\"og:description\" content=\"In Jyv\u00e4skyl\u00e4 Paviljonki, a major exhibition for the infrastructure\u00a0sector with related events will be held again on May 10-11. Come along! Veekmas Oy can be...\" \/>\n<meta property=\"og:url\" content=\"https:\/\/www.veekmas.fi\/en\/spring-is-coming-and-infratech-2023\/\" \/>\n<meta property=\"og:site_name\" content=\"Veekmas\" \/>\n<meta property=\"article:publisher\" content=\"https:\/\/www.facebook.com\/Veekmas-106071847887476\" \/>\n<meta property=\"article:published_time\" content=\"2023-04-14T04:54:37+00:00\" \/>\n<meta property=\"article:modified_time\" content=\"2025-04-24T08:58:13+00:00\" \/>\n<meta property=\"og:image\" content=\"https:\/\/www.veekmas.fi\/wpc\/uploads\/2026\/03\/Some-FB-1200x630px.jpg\" \/>\n\t<meta property=\"og:image:width\" content=\"1200\" \/>\n\t<meta property=\"og:image:height\" content=\"630\" \/>\n\t<meta property=\"og:image:type\" content=\"image\/jpeg\" \/>\n<meta name=\"author\" content=\"su\" \/>\n<meta name=\"twitter:card\" content=\"summary_large_image\" \/>\n<meta name=\"twitter:label1\" content=\"Written by\" \/>\n\t<meta name=\"twitter:data1\" content=\"su\" \/>\n\t<meta name=\"twitter:label2\" content=\"Est. reading time\" \/>\n\t<meta name=\"twitter:data2\" content=\"1 minute\" \/>\n<script type=\"application\/ld+json\" class=\"yoast-schema-graph\">{\"@context\":\"https:\\\/\\\/schema.org\",\"@graph\":[{\"@type\":\"Article\",\"@id\":\"https:\\\/\\\/www.veekmas.fi\\\/en\\\/spring-is-coming-and-infratech-2023\\\/#article\",\"isPartOf\":{\"@id\":\"https:\\\/\\\/www.veekmas.fi\\\/en\\\/spring-is-coming-and-infratech-2023\\\/\"},\"author\":{\"name\":\"su\",\"@id\":\"https:\\\/\\\/www.veekmas.fi\\\/en\\\/#\\\/schema\\\/person\\\/99cc1074278bea7d2073d22e4e508f34\"},\"headline\":\"Spring is coming, and Infratech 2023!\",\"datePublished\":\"2023-04-14T04:54:37+00:00\",\"dateModified\":\"2025-04-24T08:58:13+00:00\",\"mainEntityOfPage\":{\"@id\":\"https:\\\/\\\/www.veekmas.fi\\\/en\\\/spring-is-coming-and-infratech-2023\\\/\"},\"wordCount\":127,\"publisher\":{\"@id\":\"https:\\\/\\\/www.veekmas.fi\\\/en\\\/#organization\"},\"image\":{\"@id\":\"https:\\\/\\\/www.veekmas.fi\\\/en\\\/spring-is-coming-and-infratech-2023\\\/#primaryimage\"},\"thumbnailUrl\":\"https:\\\/\\\/www.veekmas.fi\\\/wpc\\\/uploads\\\/2023\\\/04\\\/YT23-1080x1080-oma-osasto-1-1-300x300.jpg\",\"articleSection\":[\"News\"],\"inLanguage\":\"en-US\"},{\"@type\":\"WebPage\",\"@id\":\"https:\\\/\\\/www.veekmas.fi\\\/en\\\/spring-is-coming-and-infratech-2023\\\/\",\"url\":\"https:\\\/\\\/www.veekmas.fi\\\/en\\\/spring-is-coming-and-infratech-2023\\\/\",\"name\":\"Spring is coming, and Infratech 2023! - Veekmas\",\"isPartOf\":{\"@id\":\"https:\\\/\\\/www.veekmas.fi\\\/en\\\/#website\"},\"primaryImageOfPage\":{\"@id\":\"https:\\\/\\\/www.veekmas.fi\\\/en\\\/spring-is-coming-and-infratech-2023\\\/#primaryimage\"},\"image\":{\"@id\":\"https:\\\/\\\/www.veekmas.fi\\\/en\\\/spring-is-coming-and-infratech-2023\\\/#primaryimage\"},\"thumbnailUrl\":\"https:\\\/\\\/www.veekmas.fi\\\/wpc\\\/uploads\\\/2023\\\/04\\\/YT23-1080x1080-oma-osasto-1-1-300x300.jpg\",\"datePublished\":\"2023-04-14T04:54:37+00:00\",\"dateModified\":\"2025-04-24T08:58:13+00:00\",\"breadcrumb\":{\"@id\":\"https:\\\/\\\/www.veekmas.fi\\\/en\\\/spring-is-coming-and-infratech-2023\\\/#breadcrumb\"},\"inLanguage\":\"en-US\",\"potentialAction\":[{\"@type\":\"ReadAction\",\"target\":[\"https:\\\/\\\/www.veekmas.fi\\\/en\\\/spring-is-coming-and-infratech-2023\\\/\"]}]},{\"@type\":\"ImageObject\",\"inLanguage\":\"en-US\",\"@id\":\"https:\\\/\\\/www.veekmas.fi\\\/en\\\/spring-is-coming-and-infratech-2023\\\/#primaryimage\",\"url\":\"https:\\\/\\\/www.veekmas.fi\\\/wpc\\\/uploads\\\/2023\\\/04\\\/YT23-1080x1080-oma-osasto-1-1-300x300.jpg\",\"contentUrl\":\"https:\\\/\\\/www.veekmas.fi\\\/wpc\\\/uploads\\\/2023\\\/04\\\/YT23-1080x1080-oma-osasto-1-1-300x300.jpg\"},{\"@type\":\"BreadcrumbList\",\"@id\":\"https:\\\/\\\/www.veekmas.fi\\\/en\\\/spring-is-coming-and-infratech-2023\\\/#breadcrumb\",\"itemListElement\":[{\"@type\":\"ListItem\",\"position\":1,\"name\":\"Etusivu\",\"item\":\"https:\\\/\\\/www.veekmas.fi\\\/en\\\/\"},{\"@type\":\"ListItem\",\"position\":2,\"name\":\"Spring is coming, and Infratech 2023!\"}]},{\"@type\":\"WebSite\",\"@id\":\"https:\\\/\\\/www.veekmas.fi\\\/en\\\/#website\",\"url\":\"https:\\\/\\\/www.veekmas.fi\\\/en\\\/\",\"name\":\"Veekmas\",\"description\":\"Pohjoismaiden ainoa tieh\u00f6ylien valmistaja ja tieh\u00f6yl\u00e4teknologian edell\u00e4k\u00e4vij\u00e4\",\"publisher\":{\"@id\":\"https:\\\/\\\/www.veekmas.fi\\\/en\\\/#organization\"},\"potentialAction\":[{\"@type\":\"SearchAction\",\"target\":{\"@type\":\"EntryPoint\",\"urlTemplate\":\"https:\\\/\\\/www.veekmas.fi\\\/en\\\/?s={search_term_string}\"},\"query-input\":{\"@type\":\"PropertyValueSpecification\",\"valueRequired\":true,\"valueName\":\"search_term_string\"}}],\"inLanguage\":\"en-US\"},{\"@type\":\"Organization\",\"@id\":\"https:\\\/\\\/www.veekmas.fi\\\/en\\\/#organization\",\"name\":\"Veekmas\",\"url\":\"https:\\\/\\\/www.veekmas.fi\\\/en\\\/\",\"logo\":{\"@type\":\"ImageObject\",\"inLanguage\":\"en-US\",\"@id\":\"https:\\\/\\\/www.veekmas.fi\\\/en\\\/#\\\/schema\\\/logo\\\/image\\\/\",\"url\":\"https:\\\/\\\/www.veekmas.fi\\\/wpc\\\/uploads\\\/2026\\\/03\\\/Veekmas-some-profiilikuva-800x800px-2025-07.png\",\"contentUrl\":\"https:\\\/\\\/www.veekmas.fi\\\/wpc\\\/uploads\\\/2026\\\/03\\\/Veekmas-some-profiilikuva-800x800px-2025-07.png\",\"width\":512,\"height\":512,\"caption\":\"Veekmas\"},\"image\":{\"@id\":\"https:\\\/\\\/www.veekmas.fi\\\/en\\\/#\\\/schema\\\/logo\\\/image\\\/\"},\"sameAs\":[\"https:\\\/\\\/www.facebook.com\\\/Veekmas-106071847887476\",\"https:\\\/\\\/www.youtube.com\\\/user\\\/VeekmasOy\"]},{\"@type\":\"Person\",\"@id\":\"https:\\\/\\\/www.veekmas.fi\\\/en\\\/#\\\/schema\\\/person\\\/99cc1074278bea7d2073d22e4e508f34\",\"name\":\"su\",\"image\":{\"@type\":\"ImageObject\",\"inLanguage\":\"en-US\",\"@id\":\"https:\\\/\\\/secure.gravatar.com\\\/avatar\\\/9ea0ea9562f9c3656a6c78a58dcaa80a810673d21d9c28a03e848e53b2f4bc9e?s=96&d=mm&r=g\",\"url\":\"https:\\\/\\\/secure.gravatar.com\\\/avatar\\\/9ea0ea9562f9c3656a6c78a58dcaa80a810673d21d9c28a03e848e53b2f4bc9e?s=96&d=mm&r=g\",\"contentUrl\":\"https:\\\/\\\/secure.gravatar.com\\\/avatar\\\/9ea0ea9562f9c3656a6c78a58dcaa80a810673d21d9c28a03e848e53b2f4bc9e?s=96&d=mm&r=g\",\"caption\":\"su\"},\"sameAs\":[\"https:\\\/\\\/www.veekmas.fi\"]}]}<\/script>\n<!-- \/ Yoast SEO plugin. -->","yoast_head_json":{"title":"Spring is coming, and Infratech 2023! - Veekmas","robots":{"index":"index","follow":"follow","max-snippet":"max-snippet:-1","max-image-preview":"max-image-preview:large","max-video-preview":"max-video-preview:-1"},"canonical":"https:\/\/www.veekmas.fi\/en\/spring-is-coming-and-infratech-2023\/","og_locale":"en_US","og_type":"article","og_title":"Spring is coming, and Infratech 2023! - Veekmas","og_description":"In Jyv\u00e4skyl\u00e4 Paviljonki, a major exhibition for the infrastructure\u00a0sector with related events will be held again on May 10-11. Come along! Veekmas Oy can be...","og_url":"https:\/\/www.veekmas.fi\/en\/spring-is-coming-and-infratech-2023\/","og_site_name":"Veekmas","article_publisher":"https:\/\/www.facebook.com\/Veekmas-106071847887476","article_published_time":"2023-04-14T04:54:37+00:00","article_modified_time":"2025-04-24T08:58:13+00:00","og_image":[{"width":1200,"height":630,"url":"https:\/\/www.veekmas.fi\/wpc\/uploads\/2026\/03\/Some-FB-1200x630px.jpg","type":"image\/jpeg"}],"author":"su","twitter_card":"summary_large_image","twitter_misc":{"Written by":"su","Est. reading time":"1 minute"},"schema":{"@context":"https:\/\/schema.org","@graph":[{"@type":"Article","@id":"https:\/\/www.veekmas.fi\/en\/spring-is-coming-and-infratech-2023\/#article","isPartOf":{"@id":"https:\/\/www.veekmas.fi\/en\/spring-is-coming-and-infratech-2023\/"},"author":{"name":"su","@id":"https:\/\/www.veekmas.fi\/en\/#\/schema\/person\/99cc1074278bea7d2073d22e4e508f34"},"headline":"Spring is coming, and Infratech 2023!","datePublished":"2023-04-14T04:54:37+00:00","dateModified":"2025-04-24T08:58:13+00:00","mainEntityOfPage":{"@id":"https:\/\/www.veekmas.fi\/en\/spring-is-coming-and-infratech-2023\/"},"wordCount":127,"publisher":{"@id":"https:\/\/www.veekmas.fi\/en\/#organization"},"image":{"@id":"https:\/\/www.veekmas.fi\/en\/spring-is-coming-and-infratech-2023\/#primaryimage"},"thumbnailUrl":"https:\/\/www.veekmas.fi\/wpc\/uploads\/2023\/04\/YT23-1080x1080-oma-osasto-1-1-300x300.jpg","articleSection":["News"],"inLanguage":"en-US"},{"@type":"WebPage","@id":"https:\/\/www.veekmas.fi\/en\/spring-is-coming-and-infratech-2023\/","url":"https:\/\/www.veekmas.fi\/en\/spring-is-coming-and-infratech-2023\/","name":"Spring is coming, and Infratech 2023! - Veekmas","isPartOf":{"@id":"https:\/\/www.veekmas.fi\/en\/#website"},"primaryImageOfPage":{"@id":"https:\/\/www.veekmas.fi\/en\/spring-is-coming-and-infratech-2023\/#primaryimage"},"image":{"@id":"https:\/\/www.veekmas.fi\/en\/spring-is-coming-and-infratech-2023\/#primaryimage"},"thumbnailUrl":"https:\/\/www.veekmas.fi\/wpc\/uploads\/2023\/04\/YT23-1080x1080-oma-osasto-1-1-300x300.jpg","datePublished":"2023-04-14T04:54:37+00:00","dateModified":"2025-04-24T08:58:13+00:00","breadcrumb":{"@id":"https:\/\/www.veekmas.fi\/en\/spring-is-coming-and-infratech-2023\/#breadcrumb"},"inLanguage":"en-US","potentialAction":[{"@type":"ReadAction","target":["https:\/\/www.veekmas.fi\/en\/spring-is-coming-and-infratech-2023\/"]}]},{"@type":"ImageObject","inLanguage":"en-US","@id":"https:\/\/www.veekmas.fi\/en\/spring-is-coming-and-infratech-2023\/#primaryimage","url":"https:\/\/www.veekmas.fi\/wpc\/uploads\/2023\/04\/YT23-1080x1080-oma-osasto-1-1-300x300.jpg","contentUrl":"https:\/\/www.veekmas.fi\/wpc\/uploads\/2023\/04\/YT23-1080x1080-oma-osasto-1-1-300x300.jpg"},{"@type":"BreadcrumbList","@id":"https:\/\/www.veekmas.fi\/en\/spring-is-coming-and-infratech-2023\/#breadcrumb","itemListElement":[{"@type":"ListItem","position":1,"name":"Etusivu","item":"https:\/\/www.veekmas.fi\/en\/"},{"@type":"ListItem","position":2,"name":"Spring is coming, and Infratech 2023!"}]},{"@type":"WebSite","@id":"https:\/\/www.veekmas.fi\/en\/#website","url":"https:\/\/www.veekmas.fi\/en\/","name":"Veekmas","description":"Pohjoismaiden ainoa tieh\u00f6ylien valmistaja ja tieh\u00f6yl\u00e4teknologian edell\u00e4k\u00e4vij\u00e4","publisher":{"@id":"https:\/\/www.veekmas.fi\/en\/#organization"},"potentialAction":[{"@type":"SearchAction","target":{"@type":"EntryPoint","urlTemplate":"https:\/\/www.veekmas.fi\/en\/?s={search_term_string}"},"query-input":{"@type":"PropertyValueSpecification","valueRequired":true,"valueName":"search_term_string"}}],"inLanguage":"en-US"},{"@type":"Organization","@id":"https:\/\/www.veekmas.fi\/en\/#organization","name":"Veekmas","url":"https:\/\/www.veekmas.fi\/en\/","logo":{"@type":"ImageObject","inLanguage":"en-US","@id":"https:\/\/www.veekmas.fi\/en\/#\/schema\/logo\/image\/","url":"https:\/\/www.veekmas.fi\/wpc\/uploads\/2026\/03\/Veekmas-some-profiilikuva-800x800px-2025-07.png","contentUrl":"https:\/\/www.veekmas.fi\/wpc\/uploads\/2026\/03\/Veekmas-some-profiilikuva-800x800px-2025-07.png","width":512,"height":512,"caption":"Veekmas"},"image":{"@id":"https:\/\/www.veekmas.fi\/en\/#\/schema\/logo\/image\/"},"sameAs":["https:\/\/www.facebook.com\/Veekmas-106071847887476","https:\/\/www.youtube.com\/user\/VeekmasOy"]},{"@type":"Person","@id":"https:\/\/www.veekmas.fi\/en\/#\/schema\/person\/99cc1074278bea7d2073d22e4e508f34","name":"su","image":{"@type":"ImageObject","inLanguage":"en-US","@id":"https:\/\/secure.gravatar.com\/avatar\/9ea0ea9562f9c3656a6c78a58dcaa80a810673d21d9c28a03e848e53b2f4bc9e?s=96&d=mm&r=g","url":"https:\/\/secure.gravatar.com\/avatar\/9ea0ea9562f9c3656a6c78a58dcaa80a810673d21d9c28a03e848e53b2f4bc9e?s=96&d=mm&r=g","contentUrl":"https:\/\/secure.gravatar.com\/avatar\/9ea0ea9562f9c3656a6c78a58dcaa80a810673d21d9c28a03e848e53b2f4bc9e?s=96&d=mm&r=g","caption":"su"},"sameAs":["https:\/\/www.veekmas.fi"]}]}},"_links":{"self":[{"href":"https:\/\/www.veekmas.fi\/en\/wp-json\/wp\/v2\/posts\/2957","targetHints":{"allow":["GET"]}}],"collection":[{"href":"https:\/\/www.veekmas.fi\/en\/wp-json\/wp\/v2\/posts"}],"about":[{"href":"https:\/\/www.veekmas.fi\/en\/wp-json\/wp\/v2\/types\/post"}],"author":[{"embeddable":true,"href":"https:\/\/www.veekmas.fi\/en\/wp-json\/wp\/v2\/users\/1"}],"replies":[{"embeddable":true,"href":"https:\/\/www.veekmas.fi\/en\/wp-json\/wp\/v2\/comments?post=2957"}],"version-history":[{"count":0,"href":"https:\/\/www.veekmas.fi\/en\/wp-json\/wp\/v2\/posts\/2957\/revisions"}],"wp:attachment":[{"href":"https:\/\/www.veekmas.fi\/en\/wp-json\/wp\/v2\/media?parent=2957"}],"wp:term":[{"taxonomy":"category","embeddable":true,"href":"https:\/\/www.veekmas.fi\/en\/wp-json\/wp\/v2\/categories?post=2957"},{"taxonomy":"post_tag","embeddable":true,"href":"https:\/\/www.veekmas.fi\/en\/wp-json\/wp\/v2\/tags?post=2957"}],"curies":[{"name":"wp","href":"https:\/\/api.w.org\/{rel}","templated":true}]}}