{"id":1215,"date":"2020-02-07T11:10:33","date_gmt":"2020-02-07T09:10:33","guid":{"rendered":"http:\/\/veekmasfi.sta.mediakumpu.fi\/2020\/02\/07\/kuusipyoravetoinen-veekmas-fg-2428-6wd-talvitiepaivilla-tampereella\/"},"modified":"2025-04-23T15:38:45","modified_gmt":"2025-04-23T12:38:45","slug":"six-wheel-drive-veekmas-fg-2428-6wd-at-the-winter-road-congress-at-tampere-exhibition-centre","status":"publish","type":"post","link":"https:\/\/www.veekmas.fi\/en\/six-wheel-drive-veekmas-fg-2428-6wd-at-the-winter-road-congress-at-tampere-exhibition-centre\/","title":{"rendered":"Six wheel drive Veekmas FG 2428 6WD at the Winter Road Congress at Tampere Exhibition Centre"},"content":{"rendered":"<p>Veekmas FG 2428 6WD motor grader is presented at the Winter Road Congress at Tampere Exhibition Centre on February 12\u201313, 2020. Veekmas FG 2428 6WD is advanced, heavy, efficient and well-equipped motor grader which is succesful both ice removal as well as road maintenance tasks. The motor grader has been equipped, for example, with turning and leaning FG multipurpose front blade as well as FG snow stop. Come and see the flagship of motor graders in exhibition hall at stand # 701. Futhermore, we will participate the ice removing demonstration.<\/p>\n","protected":false},"excerpt":{"rendered":"<p>Veekmas FG 2428 6WD motor grader is presented at the Winter Road Congress at Tampere Exhibition Centre on February 12\u201313, 2020. Veekmas FG 2428 6WD&#8230;<\/p>\n","protected":false},"author":1,"featured_media":0,"comment_status":"closed","ping_status":"closed","sticky":false,"template":"","format":"standard","meta":{"footnotes":""},"categories":[44],"tags":[],"class_list":["post-1215","post","type-post","status-publish","format-standard","hentry","category-messut-en"],"yoast_head":"<!-- This site is optimized with the Yoast SEO plugin v27.4 - https:\/\/yoast.com\/product\/yoast-seo-wordpress\/ -->\n<title>Six wheel drive Veekmas FG 2428 6WD at the Winter Road Congress at Tampere Exhibition Centre - Veekmas<\/title>\n<meta name=\"robots\" content=\"index, follow, max-snippet:-1, max-image-preview:large, max-video-preview:-1\" \/>\n<link rel=\"canonical\" href=\"https:\/\/www.veekmas.fi\/en\/six-wheel-drive-veekmas-fg-2428-6wd-at-the-winter-road-congress-at-tampere-exhibition-centre\/\" \/>\n<meta property=\"og:locale\" content=\"en_US\" \/>\n<meta property=\"og:type\" content=\"article\" \/>\n<meta property=\"og:title\" content=\"Six wheel drive Veekmas FG 2428 6WD at the Winter Road Congress at Tampere Exhibition Centre - Veekmas\" \/>\n<meta property=\"og:description\" content=\"Veekmas FG 2428 6WD motor grader is presented at the Winter Road Congress at Tampere Exhibition Centre on February 12\u201313, 2020. Veekmas FG 2428 6WD...\" \/>\n<meta property=\"og:url\" content=\"https:\/\/www.veekmas.fi\/en\/six-wheel-drive-veekmas-fg-2428-6wd-at-the-winter-road-congress-at-tampere-exhibition-centre\/\" \/>\n<meta property=\"og:site_name\" content=\"Veekmas\" \/>\n<meta property=\"article:publisher\" content=\"https:\/\/www.facebook.com\/Veekmas-106071847887476\" \/>\n<meta property=\"article:published_time\" content=\"2020-02-07T09:10:33+00:00\" \/>\n<meta property=\"article:modified_time\" content=\"2025-04-23T12:38:45+00:00\" \/>\n<meta property=\"og:image\" content=\"https:\/\/www.veekmas.fi\/wpc\/uploads\/2026\/03\/Some-FB-1200x630px.jpg\" \/>\n\t<meta property=\"og:image:width\" content=\"1200\" \/>\n\t<meta property=\"og:image:height\" content=\"630\" \/>\n\t<meta property=\"og:image:type\" content=\"image\/jpeg\" \/>\n<meta name=\"author\" content=\"su\" \/>\n<meta name=\"twitter:card\" content=\"summary_large_image\" \/>\n<meta name=\"twitter:label1\" content=\"Written by\" \/>\n\t<meta name=\"twitter:data1\" content=\"su\" \/>\n<script type=\"application\/ld+json\" class=\"yoast-schema-graph\">{\"@context\":\"https:\\\/\\\/schema.org\",\"@graph\":[{\"@type\":\"Article\",\"@id\":\"https:\\\/\\\/www.veekmas.fi\\\/en\\\/six-wheel-drive-veekmas-fg-2428-6wd-at-the-winter-road-congress-at-tampere-exhibition-centre\\\/#article\",\"isPartOf\":{\"@id\":\"https:\\\/\\\/www.veekmas.fi\\\/en\\\/six-wheel-drive-veekmas-fg-2428-6wd-at-the-winter-road-congress-at-tampere-exhibition-centre\\\/\"},\"author\":{\"name\":\"su\",\"@id\":\"https:\\\/\\\/www.veekmas.fi\\\/en\\\/#\\\/schema\\\/person\\\/99cc1074278bea7d2073d22e4e508f34\"},\"headline\":\"Six wheel drive Veekmas FG 2428 6WD at the Winter Road Congress at Tampere Exhibition Centre\",\"datePublished\":\"2020-02-07T09:10:33+00:00\",\"dateModified\":\"2025-04-23T12:38:45+00:00\",\"mainEntityOfPage\":{\"@id\":\"https:\\\/\\\/www.veekmas.fi\\\/en\\\/six-wheel-drive-veekmas-fg-2428-6wd-at-the-winter-road-congress-at-tampere-exhibition-centre\\\/\"},\"wordCount\":99,\"publisher\":{\"@id\":\"https:\\\/\\\/www.veekmas.fi\\\/en\\\/#organization\"},\"articleSection\":[\"Messut\"],\"inLanguage\":\"en-US\"},{\"@type\":\"WebPage\",\"@id\":\"https:\\\/\\\/www.veekmas.fi\\\/en\\\/six-wheel-drive-veekmas-fg-2428-6wd-at-the-winter-road-congress-at-tampere-exhibition-centre\\\/\",\"url\":\"https:\\\/\\\/www.veekmas.fi\\\/en\\\/six-wheel-drive-veekmas-fg-2428-6wd-at-the-winter-road-congress-at-tampere-exhibition-centre\\\/\",\"name\":\"Six wheel drive Veekmas FG 2428 6WD at the Winter Road Congress at Tampere Exhibition Centre - Veekmas\",\"isPartOf\":{\"@id\":\"https:\\\/\\\/www.veekmas.fi\\\/en\\\/#website\"},\"datePublished\":\"2020-02-07T09:10:33+00:00\",\"dateModified\":\"2025-04-23T12:38:45+00:00\",\"breadcrumb\":{\"@id\":\"https:\\\/\\\/www.veekmas.fi\\\/en\\\/six-wheel-drive-veekmas-fg-2428-6wd-at-the-winter-road-congress-at-tampere-exhibition-centre\\\/#breadcrumb\"},\"inLanguage\":\"en-US\",\"potentialAction\":[{\"@type\":\"ReadAction\",\"target\":[\"https:\\\/\\\/www.veekmas.fi\\\/en\\\/six-wheel-drive-veekmas-fg-2428-6wd-at-the-winter-road-congress-at-tampere-exhibition-centre\\\/\"]}]},{\"@type\":\"BreadcrumbList\",\"@id\":\"https:\\\/\\\/www.veekmas.fi\\\/en\\\/six-wheel-drive-veekmas-fg-2428-6wd-at-the-winter-road-congress-at-tampere-exhibition-centre\\\/#breadcrumb\",\"itemListElement\":[{\"@type\":\"ListItem\",\"position\":1,\"name\":\"Etusivu\",\"item\":\"https:\\\/\\\/www.veekmas.fi\\\/en\\\/\"},{\"@type\":\"ListItem\",\"position\":2,\"name\":\"Six wheel drive Veekmas FG 2428 6WD at the Winter Road Congress at Tampere Exhibition Centre\"}]},{\"@type\":\"WebSite\",\"@id\":\"https:\\\/\\\/www.veekmas.fi\\\/en\\\/#website\",\"url\":\"https:\\\/\\\/www.veekmas.fi\\\/en\\\/\",\"name\":\"Veekmas\",\"description\":\"Pohjoismaiden ainoa tieh\u00f6ylien valmistaja ja tieh\u00f6yl\u00e4teknologian edell\u00e4k\u00e4vij\u00e4\",\"publisher\":{\"@id\":\"https:\\\/\\\/www.veekmas.fi\\\/en\\\/#organization\"},\"potentialAction\":[{\"@type\":\"SearchAction\",\"target\":{\"@type\":\"EntryPoint\",\"urlTemplate\":\"https:\\\/\\\/www.veekmas.fi\\\/en\\\/?s={search_term_string}\"},\"query-input\":{\"@type\":\"PropertyValueSpecification\",\"valueRequired\":true,\"valueName\":\"search_term_string\"}}],\"inLanguage\":\"en-US\"},{\"@type\":\"Organization\",\"@id\":\"https:\\\/\\\/www.veekmas.fi\\\/en\\\/#organization\",\"name\":\"Veekmas\",\"url\":\"https:\\\/\\\/www.veekmas.fi\\\/en\\\/\",\"logo\":{\"@type\":\"ImageObject\",\"inLanguage\":\"en-US\",\"@id\":\"https:\\\/\\\/www.veekmas.fi\\\/en\\\/#\\\/schema\\\/logo\\\/image\\\/\",\"url\":\"https:\\\/\\\/www.veekmas.fi\\\/wpc\\\/uploads\\\/2026\\\/03\\\/Veekmas-some-profiilikuva-800x800px-2025-07.png\",\"contentUrl\":\"https:\\\/\\\/www.veekmas.fi\\\/wpc\\\/uploads\\\/2026\\\/03\\\/Veekmas-some-profiilikuva-800x800px-2025-07.png\",\"width\":512,\"height\":512,\"caption\":\"Veekmas\"},\"image\":{\"@id\":\"https:\\\/\\\/www.veekmas.fi\\\/en\\\/#\\\/schema\\\/logo\\\/image\\\/\"},\"sameAs\":[\"https:\\\/\\\/www.facebook.com\\\/Veekmas-106071847887476\",\"https:\\\/\\\/www.youtube.com\\\/user\\\/VeekmasOy\"]},{\"@type\":\"Person\",\"@id\":\"https:\\\/\\\/www.veekmas.fi\\\/en\\\/#\\\/schema\\\/person\\\/99cc1074278bea7d2073d22e4e508f34\",\"name\":\"su\",\"image\":{\"@type\":\"ImageObject\",\"inLanguage\":\"en-US\",\"@id\":\"https:\\\/\\\/secure.gravatar.com\\\/avatar\\\/9ea0ea9562f9c3656a6c78a58dcaa80a810673d21d9c28a03e848e53b2f4bc9e?s=96&d=mm&r=g\",\"url\":\"https:\\\/\\\/secure.gravatar.com\\\/avatar\\\/9ea0ea9562f9c3656a6c78a58dcaa80a810673d21d9c28a03e848e53b2f4bc9e?s=96&d=mm&r=g\",\"contentUrl\":\"https:\\\/\\\/secure.gravatar.com\\\/avatar\\\/9ea0ea9562f9c3656a6c78a58dcaa80a810673d21d9c28a03e848e53b2f4bc9e?s=96&d=mm&r=g\",\"caption\":\"su\"},\"sameAs\":[\"https:\\\/\\\/www.veekmas.fi\"]}]}<\/script>\n<!-- \/ Yoast SEO plugin. -->","yoast_head_json":{"title":"Six wheel drive Veekmas FG 2428 6WD at the Winter Road Congress at Tampere Exhibition Centre - Veekmas","robots":{"index":"index","follow":"follow","max-snippet":"max-snippet:-1","max-image-preview":"max-image-preview:large","max-video-preview":"max-video-preview:-1"},"canonical":"https:\/\/www.veekmas.fi\/en\/six-wheel-drive-veekmas-fg-2428-6wd-at-the-winter-road-congress-at-tampere-exhibition-centre\/","og_locale":"en_US","og_type":"article","og_title":"Six wheel drive Veekmas FG 2428 6WD at the Winter Road Congress at Tampere Exhibition Centre - Veekmas","og_description":"Veekmas FG 2428 6WD motor grader is presented at the Winter Road Congress at Tampere Exhibition Centre on February 12\u201313, 2020. Veekmas FG 2428 6WD...","og_url":"https:\/\/www.veekmas.fi\/en\/six-wheel-drive-veekmas-fg-2428-6wd-at-the-winter-road-congress-at-tampere-exhibition-centre\/","og_site_name":"Veekmas","article_publisher":"https:\/\/www.facebook.com\/Veekmas-106071847887476","article_published_time":"2020-02-07T09:10:33+00:00","article_modified_time":"2025-04-23T12:38:45+00:00","og_image":[{"width":1200,"height":630,"url":"https:\/\/www.veekmas.fi\/wpc\/uploads\/2026\/03\/Some-FB-1200x630px.jpg","type":"image\/jpeg"}],"author":"su","twitter_card":"summary_large_image","twitter_misc":{"Written by":"su"},"schema":{"@context":"https:\/\/schema.org","@graph":[{"@type":"Article","@id":"https:\/\/www.veekmas.fi\/en\/six-wheel-drive-veekmas-fg-2428-6wd-at-the-winter-road-congress-at-tampere-exhibition-centre\/#article","isPartOf":{"@id":"https:\/\/www.veekmas.fi\/en\/six-wheel-drive-veekmas-fg-2428-6wd-at-the-winter-road-congress-at-tampere-exhibition-centre\/"},"author":{"name":"su","@id":"https:\/\/www.veekmas.fi\/en\/#\/schema\/person\/99cc1074278bea7d2073d22e4e508f34"},"headline":"Six wheel drive Veekmas FG 2428 6WD at the Winter Road Congress at Tampere Exhibition Centre","datePublished":"2020-02-07T09:10:33+00:00","dateModified":"2025-04-23T12:38:45+00:00","mainEntityOfPage":{"@id":"https:\/\/www.veekmas.fi\/en\/six-wheel-drive-veekmas-fg-2428-6wd-at-the-winter-road-congress-at-tampere-exhibition-centre\/"},"wordCount":99,"publisher":{"@id":"https:\/\/www.veekmas.fi\/en\/#organization"},"articleSection":["Messut"],"inLanguage":"en-US"},{"@type":"WebPage","@id":"https:\/\/www.veekmas.fi\/en\/six-wheel-drive-veekmas-fg-2428-6wd-at-the-winter-road-congress-at-tampere-exhibition-centre\/","url":"https:\/\/www.veekmas.fi\/en\/six-wheel-drive-veekmas-fg-2428-6wd-at-the-winter-road-congress-at-tampere-exhibition-centre\/","name":"Six wheel drive Veekmas FG 2428 6WD at the Winter Road Congress at Tampere Exhibition Centre - Veekmas","isPartOf":{"@id":"https:\/\/www.veekmas.fi\/en\/#website"},"datePublished":"2020-02-07T09:10:33+00:00","dateModified":"2025-04-23T12:38:45+00:00","breadcrumb":{"@id":"https:\/\/www.veekmas.fi\/en\/six-wheel-drive-veekmas-fg-2428-6wd-at-the-winter-road-congress-at-tampere-exhibition-centre\/#breadcrumb"},"inLanguage":"en-US","potentialAction":[{"@type":"ReadAction","target":["https:\/\/www.veekmas.fi\/en\/six-wheel-drive-veekmas-fg-2428-6wd-at-the-winter-road-congress-at-tampere-exhibition-centre\/"]}]},{"@type":"BreadcrumbList","@id":"https:\/\/www.veekmas.fi\/en\/six-wheel-drive-veekmas-fg-2428-6wd-at-the-winter-road-congress-at-tampere-exhibition-centre\/#breadcrumb","itemListElement":[{"@type":"ListItem","position":1,"name":"Etusivu","item":"https:\/\/www.veekmas.fi\/en\/"},{"@type":"ListItem","position":2,"name":"Six wheel drive Veekmas FG 2428 6WD at the Winter Road Congress at Tampere Exhibition Centre"}]},{"@type":"WebSite","@id":"https:\/\/www.veekmas.fi\/en\/#website","url":"https:\/\/www.veekmas.fi\/en\/","name":"Veekmas","description":"Pohjoismaiden ainoa tieh\u00f6ylien valmistaja ja tieh\u00f6yl\u00e4teknologian edell\u00e4k\u00e4vij\u00e4","publisher":{"@id":"https:\/\/www.veekmas.fi\/en\/#organization"},"potentialAction":[{"@type":"SearchAction","target":{"@type":"EntryPoint","urlTemplate":"https:\/\/www.veekmas.fi\/en\/?s={search_term_string}"},"query-input":{"@type":"PropertyValueSpecification","valueRequired":true,"valueName":"search_term_string"}}],"inLanguage":"en-US"},{"@type":"Organization","@id":"https:\/\/www.veekmas.fi\/en\/#organization","name":"Veekmas","url":"https:\/\/www.veekmas.fi\/en\/","logo":{"@type":"ImageObject","inLanguage":"en-US","@id":"https:\/\/www.veekmas.fi\/en\/#\/schema\/logo\/image\/","url":"https:\/\/www.veekmas.fi\/wpc\/uploads\/2026\/03\/Veekmas-some-profiilikuva-800x800px-2025-07.png","contentUrl":"https:\/\/www.veekmas.fi\/wpc\/uploads\/2026\/03\/Veekmas-some-profiilikuva-800x800px-2025-07.png","width":512,"height":512,"caption":"Veekmas"},"image":{"@id":"https:\/\/www.veekmas.fi\/en\/#\/schema\/logo\/image\/"},"sameAs":["https:\/\/www.facebook.com\/Veekmas-106071847887476","https:\/\/www.youtube.com\/user\/VeekmasOy"]},{"@type":"Person","@id":"https:\/\/www.veekmas.fi\/en\/#\/schema\/person\/99cc1074278bea7d2073d22e4e508f34","name":"su","image":{"@type":"ImageObject","inLanguage":"en-US","@id":"https:\/\/secure.gravatar.com\/avatar\/9ea0ea9562f9c3656a6c78a58dcaa80a810673d21d9c28a03e848e53b2f4bc9e?s=96&d=mm&r=g","url":"https:\/\/secure.gravatar.com\/avatar\/9ea0ea9562f9c3656a6c78a58dcaa80a810673d21d9c28a03e848e53b2f4bc9e?s=96&d=mm&r=g","contentUrl":"https:\/\/secure.gravatar.com\/avatar\/9ea0ea9562f9c3656a6c78a58dcaa80a810673d21d9c28a03e848e53b2f4bc9e?s=96&d=mm&r=g","caption":"su"},"sameAs":["https:\/\/www.veekmas.fi"]}]}},"_links":{"self":[{"href":"https:\/\/www.veekmas.fi\/en\/wp-json\/wp\/v2\/posts\/1215","targetHints":{"allow":["GET"]}}],"collection":[{"href":"https:\/\/www.veekmas.fi\/en\/wp-json\/wp\/v2\/posts"}],"about":[{"href":"https:\/\/www.veekmas.fi\/en\/wp-json\/wp\/v2\/types\/post"}],"author":[{"embeddable":true,"href":"https:\/\/www.veekmas.fi\/en\/wp-json\/wp\/v2\/users\/1"}],"replies":[{"embeddable":true,"href":"https:\/\/www.veekmas.fi\/en\/wp-json\/wp\/v2\/comments?post=1215"}],"version-history":[{"count":0,"href":"https:\/\/www.veekmas.fi\/en\/wp-json\/wp\/v2\/posts\/1215\/revisions"}],"wp:attachment":[{"href":"https:\/\/www.veekmas.fi\/en\/wp-json\/wp\/v2\/media?parent=1215"}],"wp:term":[{"taxonomy":"category","embeddable":true,"href":"https:\/\/www.veekmas.fi\/en\/wp-json\/wp\/v2\/categories?post=1215"},{"taxonomy":"post_tag","embeddable":true,"href":"https:\/\/www.veekmas.fi\/en\/wp-json\/wp\/v2\/tags?post=1215"}],"curies":[{"name":"wp","href":"https:\/\/api.w.org\/{rel}","templated":true}]}}