{"id":1209,"date":"2020-04-22T11:10:10","date_gmt":"2020-04-22T08:10:10","guid":{"rendered":"http:\/\/veekmasfi.sta.mediakumpu.fi\/2020\/04\/22\/veekmas-oy-hyodyntaa-aurinkoenergiaa\/"},"modified":"2025-04-23T15:38:45","modified_gmt":"2025-04-23T12:38:45","slug":"veekmas-oy-started-using-the-suns-energy","status":"publish","type":"post","link":"https:\/\/www.veekmas.fi\/en\/veekmas-oy-started-using-the-suns-energy\/","title":{"rendered":"Veekmas Oy started using the sun&#8217;s energy"},"content":{"rendered":"<p>A solar energy plant with totally 254 solar cell panels were assembled on the roofs of Veekmas Oy\u2019s premises last autumn. The power plant was turned on in the early spring since the temperature had risen and it started producing energy to the company\u2019s needs. The investment improves the energy self-sufficiency and brings energy conservation. The generated solar energy is local and low-carbon.<\/p>\n<p>The consumption profil and the solar energy producing profil of the company meet each other well in the company operations. We have estimated that a quarter of the electrical energy can be replaced by renewable energy. Correspondingly, the company in proportion also reduces its carbon footprint and CO2 emissions. We want for our part encourage also other companies to find out the recovery possibilities of renewable energy in the own company.<\/p>\n","protected":false},"excerpt":{"rendered":"<p>A solar energy plant with totally 254 solar cell panels were assembled on the roofs of Veekmas Oy\u2019s premises last autumn. The power plant was&#8230;<\/p>\n","protected":false},"author":1,"featured_media":0,"comment_status":"closed","ping_status":"closed","sticky":false,"template":"","format":"standard","meta":{"footnotes":""},"categories":[25],"tags":[],"class_list":["post-1209","post","type-post","status-publish","format-standard","hentry","category-news"],"yoast_head":"<!-- This site is optimized with the Yoast SEO plugin v27.4 - https:\/\/yoast.com\/product\/yoast-seo-wordpress\/ -->\n<title>Veekmas Oy started using the sun&#039;s energy - Veekmas<\/title>\n<meta name=\"robots\" content=\"index, follow, max-snippet:-1, max-image-preview:large, max-video-preview:-1\" \/>\n<link rel=\"canonical\" href=\"https:\/\/www.veekmas.fi\/en\/veekmas-oy-started-using-the-suns-energy\/\" \/>\n<meta property=\"og:locale\" content=\"en_US\" \/>\n<meta property=\"og:type\" content=\"article\" \/>\n<meta property=\"og:title\" content=\"Veekmas Oy started using the sun&#039;s energy - Veekmas\" \/>\n<meta property=\"og:description\" content=\"A solar energy plant with totally 254 solar cell panels were assembled on the roofs of Veekmas Oy\u2019s premises last autumn. The power plant was...\" \/>\n<meta property=\"og:url\" content=\"https:\/\/www.veekmas.fi\/en\/veekmas-oy-started-using-the-suns-energy\/\" \/>\n<meta property=\"og:site_name\" content=\"Veekmas\" \/>\n<meta property=\"article:publisher\" content=\"https:\/\/www.facebook.com\/Veekmas-106071847887476\" \/>\n<meta property=\"article:published_time\" content=\"2020-04-22T08:10:10+00:00\" \/>\n<meta property=\"article:modified_time\" content=\"2025-04-23T12:38:45+00:00\" \/>\n<meta property=\"og:image\" content=\"https:\/\/www.veekmas.fi\/wpc\/uploads\/2026\/03\/Some-FB-1200x630px.jpg\" \/>\n\t<meta property=\"og:image:width\" content=\"1200\" \/>\n\t<meta property=\"og:image:height\" content=\"630\" \/>\n\t<meta property=\"og:image:type\" content=\"image\/jpeg\" \/>\n<meta name=\"author\" content=\"su\" \/>\n<meta name=\"twitter:card\" content=\"summary_large_image\" \/>\n<meta name=\"twitter:label1\" content=\"Written by\" \/>\n\t<meta name=\"twitter:data1\" content=\"su\" \/>\n\t<meta name=\"twitter:label2\" content=\"Est. reading time\" \/>\n\t<meta name=\"twitter:data2\" content=\"1 minute\" \/>\n<script type=\"application\/ld+json\" class=\"yoast-schema-graph\">{\"@context\":\"https:\\\/\\\/schema.org\",\"@graph\":[{\"@type\":\"Article\",\"@id\":\"https:\\\/\\\/www.veekmas.fi\\\/en\\\/veekmas-oy-started-using-the-suns-energy\\\/#article\",\"isPartOf\":{\"@id\":\"https:\\\/\\\/www.veekmas.fi\\\/en\\\/veekmas-oy-started-using-the-suns-energy\\\/\"},\"author\":{\"name\":\"su\",\"@id\":\"https:\\\/\\\/www.veekmas.fi\\\/en\\\/#\\\/schema\\\/person\\\/99cc1074278bea7d2073d22e4e508f34\"},\"headline\":\"Veekmas Oy started using the sun&#8217;s energy\",\"datePublished\":\"2020-04-22T08:10:10+00:00\",\"dateModified\":\"2025-04-23T12:38:45+00:00\",\"mainEntityOfPage\":{\"@id\":\"https:\\\/\\\/www.veekmas.fi\\\/en\\\/veekmas-oy-started-using-the-suns-energy\\\/\"},\"wordCount\":143,\"publisher\":{\"@id\":\"https:\\\/\\\/www.veekmas.fi\\\/en\\\/#organization\"},\"articleSection\":[\"News\"],\"inLanguage\":\"en-US\"},{\"@type\":\"WebPage\",\"@id\":\"https:\\\/\\\/www.veekmas.fi\\\/en\\\/veekmas-oy-started-using-the-suns-energy\\\/\",\"url\":\"https:\\\/\\\/www.veekmas.fi\\\/en\\\/veekmas-oy-started-using-the-suns-energy\\\/\",\"name\":\"Veekmas Oy started using the sun's energy - Veekmas\",\"isPartOf\":{\"@id\":\"https:\\\/\\\/www.veekmas.fi\\\/en\\\/#website\"},\"datePublished\":\"2020-04-22T08:10:10+00:00\",\"dateModified\":\"2025-04-23T12:38:45+00:00\",\"breadcrumb\":{\"@id\":\"https:\\\/\\\/www.veekmas.fi\\\/en\\\/veekmas-oy-started-using-the-suns-energy\\\/#breadcrumb\"},\"inLanguage\":\"en-US\",\"potentialAction\":[{\"@type\":\"ReadAction\",\"target\":[\"https:\\\/\\\/www.veekmas.fi\\\/en\\\/veekmas-oy-started-using-the-suns-energy\\\/\"]}]},{\"@type\":\"BreadcrumbList\",\"@id\":\"https:\\\/\\\/www.veekmas.fi\\\/en\\\/veekmas-oy-started-using-the-suns-energy\\\/#breadcrumb\",\"itemListElement\":[{\"@type\":\"ListItem\",\"position\":1,\"name\":\"Etusivu\",\"item\":\"https:\\\/\\\/www.veekmas.fi\\\/en\\\/\"},{\"@type\":\"ListItem\",\"position\":2,\"name\":\"Veekmas Oy started using the sun&#8217;s energy\"}]},{\"@type\":\"WebSite\",\"@id\":\"https:\\\/\\\/www.veekmas.fi\\\/en\\\/#website\",\"url\":\"https:\\\/\\\/www.veekmas.fi\\\/en\\\/\",\"name\":\"Veekmas\",\"description\":\"Pohjoismaiden ainoa tieh\u00f6ylien valmistaja ja tieh\u00f6yl\u00e4teknologian edell\u00e4k\u00e4vij\u00e4\",\"publisher\":{\"@id\":\"https:\\\/\\\/www.veekmas.fi\\\/en\\\/#organization\"},\"potentialAction\":[{\"@type\":\"SearchAction\",\"target\":{\"@type\":\"EntryPoint\",\"urlTemplate\":\"https:\\\/\\\/www.veekmas.fi\\\/en\\\/?s={search_term_string}\"},\"query-input\":{\"@type\":\"PropertyValueSpecification\",\"valueRequired\":true,\"valueName\":\"search_term_string\"}}],\"inLanguage\":\"en-US\"},{\"@type\":\"Organization\",\"@id\":\"https:\\\/\\\/www.veekmas.fi\\\/en\\\/#organization\",\"name\":\"Veekmas\",\"url\":\"https:\\\/\\\/www.veekmas.fi\\\/en\\\/\",\"logo\":{\"@type\":\"ImageObject\",\"inLanguage\":\"en-US\",\"@id\":\"https:\\\/\\\/www.veekmas.fi\\\/en\\\/#\\\/schema\\\/logo\\\/image\\\/\",\"url\":\"https:\\\/\\\/www.veekmas.fi\\\/wpc\\\/uploads\\\/2026\\\/03\\\/Veekmas-some-profiilikuva-800x800px-2025-07.png\",\"contentUrl\":\"https:\\\/\\\/www.veekmas.fi\\\/wpc\\\/uploads\\\/2026\\\/03\\\/Veekmas-some-profiilikuva-800x800px-2025-07.png\",\"width\":512,\"height\":512,\"caption\":\"Veekmas\"},\"image\":{\"@id\":\"https:\\\/\\\/www.veekmas.fi\\\/en\\\/#\\\/schema\\\/logo\\\/image\\\/\"},\"sameAs\":[\"https:\\\/\\\/www.facebook.com\\\/Veekmas-106071847887476\",\"https:\\\/\\\/www.youtube.com\\\/user\\\/VeekmasOy\"]},{\"@type\":\"Person\",\"@id\":\"https:\\\/\\\/www.veekmas.fi\\\/en\\\/#\\\/schema\\\/person\\\/99cc1074278bea7d2073d22e4e508f34\",\"name\":\"su\",\"image\":{\"@type\":\"ImageObject\",\"inLanguage\":\"en-US\",\"@id\":\"https:\\\/\\\/secure.gravatar.com\\\/avatar\\\/9ea0ea9562f9c3656a6c78a58dcaa80a810673d21d9c28a03e848e53b2f4bc9e?s=96&d=mm&r=g\",\"url\":\"https:\\\/\\\/secure.gravatar.com\\\/avatar\\\/9ea0ea9562f9c3656a6c78a58dcaa80a810673d21d9c28a03e848e53b2f4bc9e?s=96&d=mm&r=g\",\"contentUrl\":\"https:\\\/\\\/secure.gravatar.com\\\/avatar\\\/9ea0ea9562f9c3656a6c78a58dcaa80a810673d21d9c28a03e848e53b2f4bc9e?s=96&d=mm&r=g\",\"caption\":\"su\"},\"sameAs\":[\"https:\\\/\\\/www.veekmas.fi\"]}]}<\/script>\n<!-- \/ Yoast SEO plugin. -->","yoast_head_json":{"title":"Veekmas Oy started using the sun's energy - Veekmas","robots":{"index":"index","follow":"follow","max-snippet":"max-snippet:-1","max-image-preview":"max-image-preview:large","max-video-preview":"max-video-preview:-1"},"canonical":"https:\/\/www.veekmas.fi\/en\/veekmas-oy-started-using-the-suns-energy\/","og_locale":"en_US","og_type":"article","og_title":"Veekmas Oy started using the sun's energy - Veekmas","og_description":"A solar energy plant with totally 254 solar cell panels were assembled on the roofs of Veekmas Oy\u2019s premises last autumn. The power plant was...","og_url":"https:\/\/www.veekmas.fi\/en\/veekmas-oy-started-using-the-suns-energy\/","og_site_name":"Veekmas","article_publisher":"https:\/\/www.facebook.com\/Veekmas-106071847887476","article_published_time":"2020-04-22T08:10:10+00:00","article_modified_time":"2025-04-23T12:38:45+00:00","og_image":[{"width":1200,"height":630,"url":"https:\/\/www.veekmas.fi\/wpc\/uploads\/2026\/03\/Some-FB-1200x630px.jpg","type":"image\/jpeg"}],"author":"su","twitter_card":"summary_large_image","twitter_misc":{"Written by":"su","Est. reading time":"1 minute"},"schema":{"@context":"https:\/\/schema.org","@graph":[{"@type":"Article","@id":"https:\/\/www.veekmas.fi\/en\/veekmas-oy-started-using-the-suns-energy\/#article","isPartOf":{"@id":"https:\/\/www.veekmas.fi\/en\/veekmas-oy-started-using-the-suns-energy\/"},"author":{"name":"su","@id":"https:\/\/www.veekmas.fi\/en\/#\/schema\/person\/99cc1074278bea7d2073d22e4e508f34"},"headline":"Veekmas Oy started using the sun&#8217;s energy","datePublished":"2020-04-22T08:10:10+00:00","dateModified":"2025-04-23T12:38:45+00:00","mainEntityOfPage":{"@id":"https:\/\/www.veekmas.fi\/en\/veekmas-oy-started-using-the-suns-energy\/"},"wordCount":143,"publisher":{"@id":"https:\/\/www.veekmas.fi\/en\/#organization"},"articleSection":["News"],"inLanguage":"en-US"},{"@type":"WebPage","@id":"https:\/\/www.veekmas.fi\/en\/veekmas-oy-started-using-the-suns-energy\/","url":"https:\/\/www.veekmas.fi\/en\/veekmas-oy-started-using-the-suns-energy\/","name":"Veekmas Oy started using the sun's energy - Veekmas","isPartOf":{"@id":"https:\/\/www.veekmas.fi\/en\/#website"},"datePublished":"2020-04-22T08:10:10+00:00","dateModified":"2025-04-23T12:38:45+00:00","breadcrumb":{"@id":"https:\/\/www.veekmas.fi\/en\/veekmas-oy-started-using-the-suns-energy\/#breadcrumb"},"inLanguage":"en-US","potentialAction":[{"@type":"ReadAction","target":["https:\/\/www.veekmas.fi\/en\/veekmas-oy-started-using-the-suns-energy\/"]}]},{"@type":"BreadcrumbList","@id":"https:\/\/www.veekmas.fi\/en\/veekmas-oy-started-using-the-suns-energy\/#breadcrumb","itemListElement":[{"@type":"ListItem","position":1,"name":"Etusivu","item":"https:\/\/www.veekmas.fi\/en\/"},{"@type":"ListItem","position":2,"name":"Veekmas Oy started using the sun&#8217;s energy"}]},{"@type":"WebSite","@id":"https:\/\/www.veekmas.fi\/en\/#website","url":"https:\/\/www.veekmas.fi\/en\/","name":"Veekmas","description":"Pohjoismaiden ainoa tieh\u00f6ylien valmistaja ja tieh\u00f6yl\u00e4teknologian edell\u00e4k\u00e4vij\u00e4","publisher":{"@id":"https:\/\/www.veekmas.fi\/en\/#organization"},"potentialAction":[{"@type":"SearchAction","target":{"@type":"EntryPoint","urlTemplate":"https:\/\/www.veekmas.fi\/en\/?s={search_term_string}"},"query-input":{"@type":"PropertyValueSpecification","valueRequired":true,"valueName":"search_term_string"}}],"inLanguage":"en-US"},{"@type":"Organization","@id":"https:\/\/www.veekmas.fi\/en\/#organization","name":"Veekmas","url":"https:\/\/www.veekmas.fi\/en\/","logo":{"@type":"ImageObject","inLanguage":"en-US","@id":"https:\/\/www.veekmas.fi\/en\/#\/schema\/logo\/image\/","url":"https:\/\/www.veekmas.fi\/wpc\/uploads\/2026\/03\/Veekmas-some-profiilikuva-800x800px-2025-07.png","contentUrl":"https:\/\/www.veekmas.fi\/wpc\/uploads\/2026\/03\/Veekmas-some-profiilikuva-800x800px-2025-07.png","width":512,"height":512,"caption":"Veekmas"},"image":{"@id":"https:\/\/www.veekmas.fi\/en\/#\/schema\/logo\/image\/"},"sameAs":["https:\/\/www.facebook.com\/Veekmas-106071847887476","https:\/\/www.youtube.com\/user\/VeekmasOy"]},{"@type":"Person","@id":"https:\/\/www.veekmas.fi\/en\/#\/schema\/person\/99cc1074278bea7d2073d22e4e508f34","name":"su","image":{"@type":"ImageObject","inLanguage":"en-US","@id":"https:\/\/secure.gravatar.com\/avatar\/9ea0ea9562f9c3656a6c78a58dcaa80a810673d21d9c28a03e848e53b2f4bc9e?s=96&d=mm&r=g","url":"https:\/\/secure.gravatar.com\/avatar\/9ea0ea9562f9c3656a6c78a58dcaa80a810673d21d9c28a03e848e53b2f4bc9e?s=96&d=mm&r=g","contentUrl":"https:\/\/secure.gravatar.com\/avatar\/9ea0ea9562f9c3656a6c78a58dcaa80a810673d21d9c28a03e848e53b2f4bc9e?s=96&d=mm&r=g","caption":"su"},"sameAs":["https:\/\/www.veekmas.fi"]}]}},"_links":{"self":[{"href":"https:\/\/www.veekmas.fi\/en\/wp-json\/wp\/v2\/posts\/1209","targetHints":{"allow":["GET"]}}],"collection":[{"href":"https:\/\/www.veekmas.fi\/en\/wp-json\/wp\/v2\/posts"}],"about":[{"href":"https:\/\/www.veekmas.fi\/en\/wp-json\/wp\/v2\/types\/post"}],"author":[{"embeddable":true,"href":"https:\/\/www.veekmas.fi\/en\/wp-json\/wp\/v2\/users\/1"}],"replies":[{"embeddable":true,"href":"https:\/\/www.veekmas.fi\/en\/wp-json\/wp\/v2\/comments?post=1209"}],"version-history":[{"count":0,"href":"https:\/\/www.veekmas.fi\/en\/wp-json\/wp\/v2\/posts\/1209\/revisions"}],"wp:attachment":[{"href":"https:\/\/www.veekmas.fi\/en\/wp-json\/wp\/v2\/media?parent=1209"}],"wp:term":[{"taxonomy":"category","embeddable":true,"href":"https:\/\/www.veekmas.fi\/en\/wp-json\/wp\/v2\/categories?post=1209"},{"taxonomy":"post_tag","embeddable":true,"href":"https:\/\/www.veekmas.fi\/en\/wp-json\/wp\/v2\/tags?post=1209"}],"curies":[{"name":"wp","href":"https:\/\/api.w.org\/{rel}","templated":true}]}}